
{"id":107,"date":"2016-03-23T16:08:10","date_gmt":"2016-03-23T15:08:10","guid":{"rendered":"http:\/\/www.vinia.se\/blogg\/viniabloggen\/?p=107"},"modified":"2024-06-25T21:26:58","modified_gmt":"2024-06-25T19:26:58","slug":"cabernet-sauvignon-vinvarldens-kandisdruva","status":"publish","type":"post","link":"https:\/\/www.vinia.se\/blogg\/vin-och-vanner\/2016\/03\/cabernet-sauvignon-vinvarldens-kandisdruva\/","title":{"rendered":"Cabernet sauvignon \u2014 Vinv\u00e4rldens k\u00e4ndisdruva"},"content":{"rendered":"<p>Den \u00e4r verkligen vinv\u00e4rldens sanna globetrotter; s\u00e5 l\u00e4nge det \u00e4r tillr\u00e4ckligt varmt v\u00e4xer druvan i stort sett \u00f6verallt. Fr\u00e5n Napa Valley i v\u00e4st, till Japan i \u00f6st. Fr\u00e5n Sydafrika i syd och till Tyskland i norr.<\/p>\n<p>Idag \u00e4r namnet n\u00e4stan samlingsnamn f\u00f6r r\u00f6tt vin p\u00e5 samma s\u00e4tt som <a href=\"https:\/\/www.vinia.se\/blogg\/vin-och-vanner\/2019\/05\/fragorna-du-inte-vagar-stalla-om-chardonnay\/\">chardonnay<\/a> \u00e4r f\u00f6r vitt vin. Druvan \u00e4r relativt liten och har ett h\u00e5rt tjockt skal. Skalet inneb\u00e4r mer tanniner, som g\u00f6r att vinerna ofta f\u00e5r en str\u00e4v karakt\u00e4r och komplex och gener\u00f6s smak. Det i sin tur g\u00f6r att de passar utm\u00e4rkt till smakrika r\u00e4tter, som grillat och mustiga grytor. Tanninerna g\u00f6r ocks\u00e5 att vinet blir tacksamt att lagra.<\/p>\n<p>Druvans popularitet syns \u00e4ven p\u00e5 Systembolaget som f\u00f6rra \u00e5ret s\u00e5lde 103 miljoner liter r\u00f6tt vin \u2013 <a href=\"https:\/\/www.vinia.se\/blogg\/vin-och-vanner\/2016\/06\/cabernet-sauvignon-varldens-mest-kanda-druva\/\">cabernet sauvignon<\/a> fanns i 20 % av dessa <a href=\"https:\/\/www.vinia.se\/produkter\/typ\/rott\/\">r\u00f6da viner<\/a>.<\/p>\n","protected":false},"excerpt":{"rendered":"<p>Cabernet sauvignon \u00e4r vad man skulle kunna kalla vinv\u00e4rldens absolut st\u00f6rsta k\u00e4ndis, \u00e5tminstone n\u00e4r det kommer till r\u00f6da viner. M\u00e5nga av v\u00e5ra viner best\u00e5r av eller \u00e4r en blend med druvan. Nya Bousquet Reserve Cabernet Sauvignon \u00e4r en blandning av den och merlot. <\/p>\n","protected":false},"author":1,"featured_media":115,"comment_status":"open","ping_status":"open","sticky":false,"template":"","format":"standard","meta":{"inline_featured_image":false,"footnotes":""},"categories":[1271,20],"tags":[21,22,23,24],"class_list":["post-107","post","type-post","status-publish","format-standard","has-post-thumbnail","hentry","category-druvor","category-vinkunskap","tag-cabernet-sauvignon","tag-grillat","tag-gryta","tag-sydafrika"],"_links":{"self":[{"href":"https:\/\/www.vinia.se\/blogg\/vin-och-vanner\/wp-json\/wp\/v2\/posts\/107","targetHints":{"allow":["GET"]}}],"collection":[{"href":"https:\/\/www.vinia.se\/blogg\/vin-och-vanner\/wp-json\/wp\/v2\/posts"}],"about":[{"href":"https:\/\/www.vinia.se\/blogg\/vin-och-vanner\/wp-json\/wp\/v2\/types\/post"}],"author":[{"embeddable":true,"href":"https:\/\/www.vinia.se\/blogg\/vin-och-vanner\/wp-json\/wp\/v2\/users\/1"}],"replies":[{"embeddable":true,"href":"https:\/\/www.vinia.se\/blogg\/vin-och-vanner\/wp-json\/wp\/v2\/comments?post=107"}],"version-history":[{"count":7,"href":"https:\/\/www.vinia.se\/blogg\/vin-och-vanner\/wp-json\/wp\/v2\/posts\/107\/revisions"}],"predecessor-version":[{"id":3466,"href":"https:\/\/www.vinia.se\/blogg\/vin-och-vanner\/wp-json\/wp\/v2\/posts\/107\/revisions\/3466"}],"wp:featuredmedia":[{"embeddable":true,"href":"https:\/\/www.vinia.se\/blogg\/vin-och-vanner\/wp-json\/wp\/v2\/media\/115"}],"wp:attachment":[{"href":"https:\/\/www.vinia.se\/blogg\/vin-och-vanner\/wp-json\/wp\/v2\/media?parent=107"}],"wp:term":[{"taxonomy":"category","embeddable":true,"href":"https:\/\/www.vinia.se\/blogg\/vin-och-vanner\/wp-json\/wp\/v2\/categories?post=107"},{"taxonomy":"post_tag","embeddable":true,"href":"https:\/\/www.vinia.se\/blogg\/vin-och-vanner\/wp-json\/wp\/v2\/tags?post=107"}],"curies":[{"name":"wp","href":"https:\/\/api.w.org\/{rel}","templated":true}]}}