
{"id":1126,"date":"2017-09-14T11:34:33","date_gmt":"2017-09-14T09:34:33","guid":{"rendered":"http:\/\/www.vinia.se\/blogg\/vin-och-vanner\/?p=1126"},"modified":"2017-09-14T15:41:14","modified_gmt":"2017-09-14T13:41:14","slug":"domaine-pouderoux-2015-2-stjarnor-le-guide-hachette-des-vin-2018","status":"publish","type":"post","link":"https:\/\/www.vinia.se\/blogg\/vin-och-vanner\/2017\/09\/domaine-pouderoux-2015-2-stjarnor-le-guide-hachette-des-vin-2018\/","title":{"rendered":"Domaine Pouderoux 2015 &#8211; 2 stj\u00e4rnor i LE GUIDE HACHETTE DES VIN 2018!"},"content":{"rendered":"<p>Domaine Pouderoux har inte enbart\u00a0varit nobelfestsvin utan finns \u00e4ven p\u00e5 ett flertal tv\u00e5- och trestj\u00e4rniga restauranger v\u00e4rlden \u00f6ver. Nu har det blivit dags att f\u00e5 tv\u00e5 stj\u00e4rnor sj\u00e4lva och i detta fall fr\u00e5n den franska vinbranschens kvalitetsbibel <a href=\"https:\/\/en.wikipedia.org\/wiki\/Guide_Hachette_des_Vins\">Le Guide Hachette Des Vins 2018<\/a>.<\/p>\n<p>Motivationen till de tv\u00e5 stj\u00e4rnorna f\u00f6r Domaine Pouderoux 2015 lyder:<\/p>\n<blockquote><p>En granat av frukt, riklig, koncentrerad, korpulent och v\u00e4lstrukturerad.<\/p><\/blockquote>\n<p>L\u00e4s mer om producenten via <a href=\"http:\/\/www.vinia.se\/producent\/domaine-pouderoux\/\">denna l\u00e4nk<\/a> eller mer om vinet genom att klicka p\u00e5 flaskbilden nedan.<\/p>\n<p>&nbsp;<\/p>\n","protected":false},"excerpt":{"rendered":"<p>Domaine Pouderoux har inte enbart\u00a0varit nobelfestsvin utan finns \u00e4ven p\u00e5 ett flertal tv\u00e5- och trestj\u00e4rniga restauranger v\u00e4rlden \u00f6ver. Nu har det blivit dags att f\u00e5 tv\u00e5 stj\u00e4rnor sj\u00e4lva och i <a class=\"read-more\" href=\"https:\/\/www.vinia.se\/blogg\/vin-och-vanner\/2017\/09\/domaine-pouderoux-2015-2-stjarnor-le-guide-hachette-des-vin-2018\/\">[&#8230;]<\/a><\/p>\n","protected":false},"author":2,"featured_media":1127,"comment_status":"open","ping_status":"open","sticky":false,"template":"","format":"standard","meta":{"inline_featured_image":false,"footnotes":""},"categories":[31],"tags":[61,326],"class_list":["post-1126","post","type-post","status-publish","format-standard","has-post-thumbnail","hentry","category-bakom-kulisserna","tag-domaine-pouderoux","tag-maury"],"_links":{"self":[{"href":"https:\/\/www.vinia.se\/blogg\/vin-och-vanner\/wp-json\/wp\/v2\/posts\/1126","targetHints":{"allow":["GET"]}}],"collection":[{"href":"https:\/\/www.vinia.se\/blogg\/vin-och-vanner\/wp-json\/wp\/v2\/posts"}],"about":[{"href":"https:\/\/www.vinia.se\/blogg\/vin-och-vanner\/wp-json\/wp\/v2\/types\/post"}],"author":[{"embeddable":true,"href":"https:\/\/www.vinia.se\/blogg\/vin-och-vanner\/wp-json\/wp\/v2\/users\/2"}],"replies":[{"embeddable":true,"href":"https:\/\/www.vinia.se\/blogg\/vin-och-vanner\/wp-json\/wp\/v2\/comments?post=1126"}],"version-history":[{"count":3,"href":"https:\/\/www.vinia.se\/blogg\/vin-och-vanner\/wp-json\/wp\/v2\/posts\/1126\/revisions"}],"predecessor-version":[{"id":1130,"href":"https:\/\/www.vinia.se\/blogg\/vin-och-vanner\/wp-json\/wp\/v2\/posts\/1126\/revisions\/1130"}],"wp:featuredmedia":[{"embeddable":true,"href":"https:\/\/www.vinia.se\/blogg\/vin-och-vanner\/wp-json\/wp\/v2\/media\/1127"}],"wp:attachment":[{"href":"https:\/\/www.vinia.se\/blogg\/vin-och-vanner\/wp-json\/wp\/v2\/media?parent=1126"}],"wp:term":[{"taxonomy":"category","embeddable":true,"href":"https:\/\/www.vinia.se\/blogg\/vin-och-vanner\/wp-json\/wp\/v2\/categories?post=1126"},{"taxonomy":"post_tag","embeddable":true,"href":"https:\/\/www.vinia.se\/blogg\/vin-och-vanner\/wp-json\/wp\/v2\/tags?post=1126"}],"curies":[{"name":"wp","href":"https:\/\/api.w.org\/{rel}","templated":true}]}}