
{"id":1439,"date":"2018-07-18T16:53:15","date_gmt":"2018-07-18T14:53:15","guid":{"rendered":"https:\/\/www.vinia.se\/blogg\/vin-och-vanner\/?p=1439"},"modified":"2024-06-25T17:27:14","modified_gmt":"2024-06-25T15:27:14","slug":"grillad-biff-med-rastekt-potatis-tomatsallad-och-kall-sas-med-lime-och-honung","status":"publish","type":"post","link":"https:\/\/www.vinia.se\/blogg\/vin-och-vanner\/2018\/07\/grillad-biff-med-rastekt-potatis-tomatsallad-och-kall-sas-med-lime-och-honung\/","title":{"rendered":"Grillad biff med r\u00e5stekt potatis, tomatsallad och kall s\u00e5s med lime och honung"},"content":{"rendered":"<p>G\u00f6r s\u00e5 h\u00e4r:<\/p>\n<p>Skala potatis och skiva den i tunna skivor. Bryn sm\u00f6ret i en stor stekpanna, l\u00e4gg i potatisen. Stek potatisen i medh\u00f6g v\u00e4rme i ca. 10 minuter. V\u00e4nd den n\u00e5gra g\u00e5nger. Den skall bli ljusbrun och lagom knaprig. Salta och krydda med vitl\u00f6kspulver.<\/p>\n<p>Blanda yoghurten med rivet skal fr\u00e5n limefrukten. Pressa ur saften ur limefrukten och krydda med salt och peppar.<\/p>\n<p>Blanda balsamvin\u00e4ger med olivolja, pressa i vitl\u00f6ken och krydda med salt och peppar.\u00a0 H\u00e4ll \u00f6ver dressingen \u00f6ver den hackade l\u00f6ken och tomaterna.<\/p>\n<p>G\u00f6r marinaden och marinera k\u00f6ttet, g\u00e4rna \u00f6ver natten. Pensla k\u00f6ttet med \u00f6verbliven marinad fr\u00e5n p\u00e5sen ytterligare en g\u00e5ng under grillningstiden (d\u00e5 f\u00f6rsvinner inte k\u00f6ttsaften).<\/p>\n<p>Grilla k\u00f6ttet ett par minuter p\u00e5 varje sida och servera med tillbeh\u00f6ren.<\/p>\n<p>Till denna r\u00e4tt passar ett h\u00e4rligt grillvin Solorca Ribera del Duero<\/p>\n<p>&nbsp;<\/p>\n","protected":false},"excerpt":{"rendered":"<p>G\u00f6r s\u00e5 h\u00e4r: Skala potatis och skiva den i tunna skivor. Bryn sm\u00f6ret i en stor stekpanna, l\u00e4gg i potatisen. Stek potatisen i medh\u00f6g v\u00e4rme i ca. 10 minuter. V\u00e4nd <a class=\"read-more\" href=\"https:\/\/www.vinia.se\/blogg\/vin-och-vanner\/2018\/07\/grillad-biff-med-rastekt-potatis-tomatsallad-och-kall-sas-med-lime-och-honung\/\">[&#8230;]<\/a><\/p>\n","protected":false},"author":2,"featured_media":1440,"comment_status":"open","ping_status":"open","sticky":false,"template":"","format":"standard","meta":{"inline_featured_image":false,"footnotes":""},"categories":[1284,3],"tags":[122,438,440,89,439],"class_list":["post-1439","post","type-post","status-publish","format-standard","has-post-thumbnail","hentry","category-notkott","category-recept","tag-bbq","tag-grillad-biff","tag-lime","tag-org-de-rac","tag-tomatsallad"],"_links":{"self":[{"href":"https:\/\/www.vinia.se\/blogg\/vin-och-vanner\/wp-json\/wp\/v2\/posts\/1439","targetHints":{"allow":["GET"]}}],"collection":[{"href":"https:\/\/www.vinia.se\/blogg\/vin-och-vanner\/wp-json\/wp\/v2\/posts"}],"about":[{"href":"https:\/\/www.vinia.se\/blogg\/vin-och-vanner\/wp-json\/wp\/v2\/types\/post"}],"author":[{"embeddable":true,"href":"https:\/\/www.vinia.se\/blogg\/vin-och-vanner\/wp-json\/wp\/v2\/users\/2"}],"replies":[{"embeddable":true,"href":"https:\/\/www.vinia.se\/blogg\/vin-och-vanner\/wp-json\/wp\/v2\/comments?post=1439"}],"version-history":[{"count":2,"href":"https:\/\/www.vinia.se\/blogg\/vin-och-vanner\/wp-json\/wp\/v2\/posts\/1439\/revisions"}],"predecessor-version":[{"id":4156,"href":"https:\/\/www.vinia.se\/blogg\/vin-och-vanner\/wp-json\/wp\/v2\/posts\/1439\/revisions\/4156"}],"wp:featuredmedia":[{"embeddable":true,"href":"https:\/\/www.vinia.se\/blogg\/vin-och-vanner\/wp-json\/wp\/v2\/media\/1440"}],"wp:attachment":[{"href":"https:\/\/www.vinia.se\/blogg\/vin-och-vanner\/wp-json\/wp\/v2\/media?parent=1439"}],"wp:term":[{"taxonomy":"category","embeddable":true,"href":"https:\/\/www.vinia.se\/blogg\/vin-och-vanner\/wp-json\/wp\/v2\/categories?post=1439"},{"taxonomy":"post_tag","embeddable":true,"href":"https:\/\/www.vinia.se\/blogg\/vin-och-vanner\/wp-json\/wp\/v2\/tags?post=1439"}],"curies":[{"name":"wp","href":"https:\/\/api.w.org\/{rel}","templated":true}]}}