
{"id":1837,"date":"2019-06-25T08:53:24","date_gmt":"2019-06-25T06:53:24","guid":{"rendered":"https:\/\/www.vinia.se\/blogg\/vin-och-vanner\/?p=1837"},"modified":"2019-06-25T09:07:25","modified_gmt":"2019-06-25T07:07:25","slug":"grattis-pa-nationaldagen-slovenien","status":"publish","type":"post","link":"https:\/\/www.vinia.se\/blogg\/vin-och-vanner\/2019\/06\/grattis-pa-nationaldagen-slovenien\/","title":{"rendered":"Grattis p\u00e5 nationaldagen Slovenien!"},"content":{"rendered":"<p>Idag den 25 Juni firar Sloveninen sin nationaldag eller om vi ska vara hela korrekta s\u00e5 firar landet sin sj\u00e4lvst\u00e4ndighetsdag, f\u00f6r den 25 juni \u00e5r 1991 blev landet sj\u00e4lvst\u00e4ndiga fr\u00e5n forna Jugoslavien.<\/p>\n<p>S\u00e5 vad vet vi om Slovenien som land och landets vinproduktion?<\/p>\n<p>Slovenien gr\u00e4nsar till Italien, \u00d6sterrike, Ungern och Kroatien vilka samtliga \u00e4r l\u00e4nder med ett rikt kulturarv och inte minst n\u00e4r det kommer till vin. Huvudstaden heter och Ljubljana och landet har ca 2 miljoner inv\u00e5nare, \u00e4r medlemmar i EU och anv\u00e4nder euro som valuta. Enligt Mcdonnaldsindexet ligger en &#8221;meal&#8221; p\u00e5 ca 50kr.<\/p>\n<p>Slovenska viner p\u00e5 Systembolaget \u00e4r inte \u00e4r speciellt stort och en anledning till det \u00e4r att mycket av vinet konsumeras inom landets gr\u00e4nser. F\u00f6rhoppningsvis s\u00e5 kommer vinexporten att \u00f6ka. F\u00f6r vinerna som produceras h\u00e5ller h\u00f6g kvalit\u00e9.<\/p>\n<p>Landet har 3 vinregioner och 14 distrikt d\u00e4r man producerar i runda sl\u00e4ngar 80-90 miljoner liter vin.<\/p>\n<p>Vi p\u00e5 Vinia vill s\u00e5 klart uppm\u00e4rksamma och skicka ett stort grattis till v\u00e5r producent Verus Vineyards p\u00e5 denna dag. Deras fantastiska <a href=\"https:\/\/www.vinia.se\/produkter\/verus-vineyards-sauvignon-blanc\/\">Sauvignon Blanc<\/a> finns p\u00e5 Systembolaget i det fasta sortimentet. Nu finns \u00e4ven deras vin p\u00e5 druvan <a href=\"https:\/\/www.vinia.se\/produkter\/verus-furmint\/\">Furmint<\/a> i best\u00e4llningssortimentet.<\/p>\n<p>Grattis Sloveninen!<\/p>\n<p>&nbsp;<\/p>\n","protected":false},"excerpt":{"rendered":"<p>Idag den 25 Juni firar Sloveninen sin nationaldag eller om vi ska vara hela korrekta s\u00e5 firar landet sin sj\u00e4lvst\u00e4ndighetsdag, f\u00f6r den 25 juni \u00e5r 1991 blev landet sj\u00e4lvst\u00e4ndiga fr\u00e5n <a class=\"read-more\" href=\"https:\/\/www.vinia.se\/blogg\/vin-och-vanner\/2019\/06\/grattis-pa-nationaldagen-slovenien\/\">[&#8230;]<\/a><\/p>\n","protected":false},"author":2,"featured_media":1838,"comment_status":"open","ping_status":"open","sticky":false,"template":"","format":"standard","meta":{"inline_featured_image":false,"footnotes":""},"categories":[20],"tags":[525,523,524,526],"class_list":["post-1837","post","type-post","status-publish","format-standard","has-post-thumbnail","hentry","category-vinkunskap","tag-furmint","tag-slovenien","tag-verus","tag-verus-sauvignon-blanc"],"_links":{"self":[{"href":"https:\/\/www.vinia.se\/blogg\/vin-och-vanner\/wp-json\/wp\/v2\/posts\/1837","targetHints":{"allow":["GET"]}}],"collection":[{"href":"https:\/\/www.vinia.se\/blogg\/vin-och-vanner\/wp-json\/wp\/v2\/posts"}],"about":[{"href":"https:\/\/www.vinia.se\/blogg\/vin-och-vanner\/wp-json\/wp\/v2\/types\/post"}],"author":[{"embeddable":true,"href":"https:\/\/www.vinia.se\/blogg\/vin-och-vanner\/wp-json\/wp\/v2\/users\/2"}],"replies":[{"embeddable":true,"href":"https:\/\/www.vinia.se\/blogg\/vin-och-vanner\/wp-json\/wp\/v2\/comments?post=1837"}],"version-history":[{"count":1,"href":"https:\/\/www.vinia.se\/blogg\/vin-och-vanner\/wp-json\/wp\/v2\/posts\/1837\/revisions"}],"predecessor-version":[{"id":1839,"href":"https:\/\/www.vinia.se\/blogg\/vin-och-vanner\/wp-json\/wp\/v2\/posts\/1837\/revisions\/1839"}],"wp:featuredmedia":[{"embeddable":true,"href":"https:\/\/www.vinia.se\/blogg\/vin-och-vanner\/wp-json\/wp\/v2\/media\/1838"}],"wp:attachment":[{"href":"https:\/\/www.vinia.se\/blogg\/vin-och-vanner\/wp-json\/wp\/v2\/media?parent=1837"}],"wp:term":[{"taxonomy":"category","embeddable":true,"href":"https:\/\/www.vinia.se\/blogg\/vin-och-vanner\/wp-json\/wp\/v2\/categories?post=1837"},{"taxonomy":"post_tag","embeddable":true,"href":"https:\/\/www.vinia.se\/blogg\/vin-och-vanner\/wp-json\/wp\/v2\/tags?post=1837"}],"curies":[{"name":"wp","href":"https:\/\/api.w.org\/{rel}","templated":true}]}}