
{"id":200,"date":"2016-06-20T17:34:58","date_gmt":"2016-06-20T15:34:58","guid":{"rendered":"http:\/\/www.vinia.se\/blogg\/vin-och-vanner\/?p=200"},"modified":"2016-07-07T08:48:17","modified_gmt":"2016-07-07T06:48:17","slug":"vinitaly-2016-en-italiensk-vinmassa","status":"publish","type":"post","link":"https:\/\/www.vinia.se\/blogg\/vin-och-vanner\/2016\/06\/vinitaly-2016-en-italiensk-vinmassa\/","title":{"rendered":"Vinitaly 2016 &#8211; En italiensk vinm\u00e4ssa"},"content":{"rendered":"<p>Vinia var inbjudna att \u00e5ka med ITA, Italian Trade Agency, som bjuder in n\u00e5gra nordiska ink\u00f6pare varje \u00e5r. Schemat var fullsp\u00e4ckat med provningar och m\u00f6ten hos producenter fr\u00e5n olika regioner. N\u00e5got som imponerade var en timmes Franciacorta-provning. Otroligt bra mousserande viner, n\u00e5gra i klass med Champagne.<\/p>\n<p>P\u00e5 s\u00f6ndagskv\u00e4llen var det galamiddag i networking-anda mitt i Arena di Verona. Bubbel, r\u00f6da mattan och avsmakningsmeny med n\u00e5gra hyllningstal till Italien. Bra arrangerat och ett bra tillf\u00e4lle att faktiskt skapa kontaker med ink\u00f6pare fr\u00e5n andra marknader utanf\u00f6r Sverige. Konkurrerar man inte p\u00e5 samma marknad kan man dra nytta av varandra.<\/p>\n<p>F\u00f6r\u00f6vrigt provades bra vin f\u00f6r de kommande offertf\u00f6rfr\u00e5gningarna som kommer resultera i n\u00e5gra offerter till Systembolaget. Det \u00e4r ju v\u00e5rat huvudfokus med m\u00e4ssorna \u2013 att leta efter nya produkter men \u00e4ven hinna tr\u00e4ffa v\u00e5ra befintliga producenter. <a href=\"http:\/\/www.vinia.se\/producent\/batzella\/\">Batzella<\/a> fr\u00e5n Bolgheri var d\u00e4r och vi fick prova n\u00e5gra \u00e4ldre \u00e5rg\u00e5ngar av <a href=\"http:\/\/www.vinia.se\/produkter\/batzella-tam-bolgheri-superiore\/\">Batzella T\u00e2m<\/a> som vi s\u00e4ljer p\u00e5 Systembolaget &#8211; helt otroliga viner!<\/p>\n<p>V\u00e4l i Verona m\u00e5ste man ju \u00e4ven passa p\u00e5 att kolla in den ber\u00f6mda balkongen fr\u00e5n Shakespeares Romeo och Julia!<\/p>\n<p>Det var en bra, sp\u00e4nnande och inspirerande resa!<\/p>\n<p>\/Rebecka<\/p>\n<p>&nbsp;<\/p>\n","protected":false},"excerpt":{"rendered":"<p>Vinitaly \u00e4r en \u00e5rligt \u00e5terkommande vinm\u00e4ssa som i \u00e5r firade hela 50 \u00e5rs jubileum. Ink\u00f6pare, journalister, sommelierer och kr\u00f6gare fr\u00e5n hela v\u00e4rlden samlas i Verona f\u00f6r att under fyra dagar botanisera bland tusentals viner. <\/p>\n","protected":false},"author":2,"featured_media":210,"comment_status":"open","ping_status":"open","sticky":false,"template":"","format":"standard","meta":{"inline_featured_image":false,"footnotes":""},"categories":[31],"tags":[78,76,75,77,74],"class_list":["post-200","post","type-post","status-publish","format-standard","has-post-thumbnail","hentry","category-bakom-kulisserna","tag-batzella","tag-italien","tag-resor","tag-vinitaly","tag-vinmassa"],"_links":{"self":[{"href":"https:\/\/www.vinia.se\/blogg\/vin-och-vanner\/wp-json\/wp\/v2\/posts\/200","targetHints":{"allow":["GET"]}}],"collection":[{"href":"https:\/\/www.vinia.se\/blogg\/vin-och-vanner\/wp-json\/wp\/v2\/posts"}],"about":[{"href":"https:\/\/www.vinia.se\/blogg\/vin-och-vanner\/wp-json\/wp\/v2\/types\/post"}],"author":[{"embeddable":true,"href":"https:\/\/www.vinia.se\/blogg\/vin-och-vanner\/wp-json\/wp\/v2\/users\/2"}],"replies":[{"embeddable":true,"href":"https:\/\/www.vinia.se\/blogg\/vin-och-vanner\/wp-json\/wp\/v2\/comments?post=200"}],"version-history":[{"count":10,"href":"https:\/\/www.vinia.se\/blogg\/vin-och-vanner\/wp-json\/wp\/v2\/posts\/200\/revisions"}],"predecessor-version":[{"id":295,"href":"https:\/\/www.vinia.se\/blogg\/vin-och-vanner\/wp-json\/wp\/v2\/posts\/200\/revisions\/295"}],"wp:featuredmedia":[{"embeddable":true,"href":"https:\/\/www.vinia.se\/blogg\/vin-och-vanner\/wp-json\/wp\/v2\/media\/210"}],"wp:attachment":[{"href":"https:\/\/www.vinia.se\/blogg\/vin-och-vanner\/wp-json\/wp\/v2\/media?parent=200"}],"wp:term":[{"taxonomy":"category","embeddable":true,"href":"https:\/\/www.vinia.se\/blogg\/vin-och-vanner\/wp-json\/wp\/v2\/categories?post=200"},{"taxonomy":"post_tag","embeddable":true,"href":"https:\/\/www.vinia.se\/blogg\/vin-och-vanner\/wp-json\/wp\/v2\/tags?post=200"}],"curies":[{"name":"wp","href":"https:\/\/api.w.org\/{rel}","templated":true}]}}