
{"id":3814,"date":"2023-01-25T09:35:32","date_gmt":"2023-01-25T08:35:32","guid":{"rendered":"https:\/\/www.vinia.se\/blogg\/vin-och-vanner\/?p=3814"},"modified":"2024-06-13T10:13:49","modified_gmt":"2024-06-13T08:13:49","slug":"spaghettipaj-det-basta-av-tva-varldar","status":"publish","type":"post","link":"https:\/\/www.vinia.se\/blogg\/vin-och-vanner\/2023\/01\/spaghettipaj-det-basta-av-tva-varldar\/","title":{"rendered":"Spaghettipaj &#8211; det b\u00e4sta av tv\u00e5 v\u00e4rldar"},"content":{"rendered":"<p>Alla \u00e4lskar Spaghetti och alla \u00e4lskar paj s\u00e5 varf\u00f6r inte sl\u00e5 ihop dessa tv\u00e5 till ett ljuvligt recept.<\/p>\n<p>Instruktioner:<\/p>\n<ol>\n<li>S\u00e4tt ugnen p\u00e5 190\u00b0C.<\/li>\n<li>Koka spaghetti enligt f\u00f6rpackningens anvisningar, l\u00e5t rinna av och st\u00e4ll \u00e5t sidan.<\/li>\n<li>I en stor stekpanna, v\u00e4rm lite olivolja \u00f6ver medelh\u00f6g v\u00e4rme. Tills\u00e4tt n\u00f6tf\u00e4rsen och stek tills den \u00e4r brun, ta sedan bort fr\u00e5n pannan och s\u00e4tt \u00e5t sidan.<\/li>\n<li>I samma panna, tills\u00e4tt lite mer olivolja om det beh\u00f6vs. Tills\u00e4tt l\u00f6k och vitl\u00f6ken och stek tills den mjuknat, cirka 5 minuter.<\/li>\n<li>Tills\u00e4tt hackade tomater, tomats\u00e5s, k\u00f6ttfond, gr\u00e4dde, oregano, basilika, r\u00f6da chiliflakes, salt och peppar i pannan och l\u00e5t det sjuda.<\/li>\n<li>R\u00f6r ner den kokta spaghettin och den stekta n\u00f6tf\u00e4rsen.<\/li>\n<li>\u00d6verf\u00f6r blandningen till en ugnss\u00e4ker form och toppa med riven mozzarella och parmesan.<\/li>\n<li>Gratinera i den f\u00f6rv\u00e4rmda ugnen i 25-30 minuter eller tills osten \u00e4r sm\u00e4lt och bubblig.<\/li>\n<li>L\u00e5t svalna lite innan servering.<\/li>\n<\/ol>\n<p>Till denna r\u00e4tt vill vi ha ett vin som matchar kryddorna i denna r\u00e4tt. The Fox and the Grapes med sina mustiga och fruktiga toner samt avslut med f\u00e4rska \u00f6rter blir en perfekt matchning.<\/p>\n","protected":false},"excerpt":{"rendered":"<p>Alla \u00e4lskar Spaghetti och alla \u00e4lskar paj s\u00e5 varf\u00f6r inte sl\u00e5 ihop dessa tv\u00e5 till ett ljuvligt recept. Instruktioner: S\u00e4tt ugnen p\u00e5 190\u00b0C. Koka spaghetti enligt f\u00f6rpackningens anvisningar, l\u00e5t rinna <a class=\"read-more\" href=\"https:\/\/www.vinia.se\/blogg\/vin-och-vanner\/2023\/01\/spaghettipaj-det-basta-av-tva-varldar\/\">[&#8230;]<\/a><\/p>\n","protected":false},"author":2,"featured_media":3815,"comment_status":"open","ping_status":"open","sticky":false,"template":"","format":"standard","meta":{"inline_featured_image":false,"footnotes":""},"categories":[1284,3],"tags":[242,161,1043,843,384],"class_list":["post-3814","post","type-post","status-publish","format-standard","has-post-thumbnail","hentry","category-notkott","category-recept","tag-paj","tag-pasta","tag-spaghettipaj","tag-the-fox-and-the-grapes","tag-vin"],"_links":{"self":[{"href":"https:\/\/www.vinia.se\/blogg\/vin-och-vanner\/wp-json\/wp\/v2\/posts\/3814","targetHints":{"allow":["GET"]}}],"collection":[{"href":"https:\/\/www.vinia.se\/blogg\/vin-och-vanner\/wp-json\/wp\/v2\/posts"}],"about":[{"href":"https:\/\/www.vinia.se\/blogg\/vin-och-vanner\/wp-json\/wp\/v2\/types\/post"}],"author":[{"embeddable":true,"href":"https:\/\/www.vinia.se\/blogg\/vin-och-vanner\/wp-json\/wp\/v2\/users\/2"}],"replies":[{"embeddable":true,"href":"https:\/\/www.vinia.se\/blogg\/vin-och-vanner\/wp-json\/wp\/v2\/comments?post=3814"}],"version-history":[{"count":1,"href":"https:\/\/www.vinia.se\/blogg\/vin-och-vanner\/wp-json\/wp\/v2\/posts\/3814\/revisions"}],"predecessor-version":[{"id":3816,"href":"https:\/\/www.vinia.se\/blogg\/vin-och-vanner\/wp-json\/wp\/v2\/posts\/3814\/revisions\/3816"}],"wp:featuredmedia":[{"embeddable":true,"href":"https:\/\/www.vinia.se\/blogg\/vin-och-vanner\/wp-json\/wp\/v2\/media\/3815"}],"wp:attachment":[{"href":"https:\/\/www.vinia.se\/blogg\/vin-och-vanner\/wp-json\/wp\/v2\/media?parent=3814"}],"wp:term":[{"taxonomy":"category","embeddable":true,"href":"https:\/\/www.vinia.se\/blogg\/vin-och-vanner\/wp-json\/wp\/v2\/categories?post=3814"},{"taxonomy":"post_tag","embeddable":true,"href":"https:\/\/www.vinia.se\/blogg\/vin-och-vanner\/wp-json\/wp\/v2\/tags?post=3814"}],"curies":[{"name":"wp","href":"https:\/\/api.w.org\/{rel}","templated":true}]}}