
{"id":3938,"date":"2023-04-03T09:14:00","date_gmt":"2023-04-03T07:14:00","guid":{"rendered":"https:\/\/www.vinia.se\/blogg\/vin-och-vanner\/?p=3938"},"modified":"2024-06-13T10:00:23","modified_gmt":"2024-06-13T08:00:23","slug":"16-harliga-lammrecept-till-pask","status":"publish","type":"post","link":"https:\/\/www.vinia.se\/blogg\/vin-och-vanner\/2023\/04\/16-harliga-lammrecept-till-pask\/","title":{"rendered":"16 h\u00e4rliga lammrecept till p\u00e5sk"},"content":{"rendered":"<div class=\"embed-responsive embed-responsive-16by9\">\n<blockquote class=\"wp-embedded-content\" data-secret=\"HO8VFfOP78\"><p><a href=\"https:\/\/www.vinia.se\/blogg\/vin-och-vanner\/2021\/12\/lammstek-fran-ribera-del-duero\/\">Lammstek fr\u00e5n Ribera del Duero<\/a><\/p><\/blockquote>\n<p><iframe class=\"wp-embedded-content\" sandbox=\"allow-scripts\" security=\"restricted\" style=\"position: absolute; visibility: hidden;\" title=\"\u201dLammstek fr\u00e5n Ribera del Duero\u201d &ndash; Vin &amp; v\u00e4nner\" src=\"https:\/\/www.vinia.se\/blogg\/vin-och-vanner\/2021\/12\/lammstek-fran-ribera-del-duero\/embed\/#?secret=CqPRVwdXoo#?secret=HO8VFfOP78\" data-secret=\"HO8VFfOP78\" frameborder=\"0\" marginmarginscrolling=\"no\"><\/iframe><\/div>\n<div class=\"embed-responsive embed-responsive-16by9\">\n<blockquote class=\"wp-embedded-content\" data-secret=\"B2LHqHIdOg\"><p><a href=\"https:\/\/www.vinia.se\/blogg\/vin-och-vanner\/2021\/10\/lammlagg-samt-gigondas-en-stjarna-i-rhone\/\">Lamml\u00e4gg samt Gigondas; en stj\u00e4rna i Rh\u00f4ne<\/a><\/p><\/blockquote>\n<p><iframe class=\"wp-embedded-content\" sandbox=\"allow-scripts\" security=\"restricted\" style=\"position: absolute; visibility: hidden;\" title=\"\u201dLamml\u00e4gg samt Gigondas; en stj\u00e4rna i Rh\u00f4ne\u201d &ndash; Vin &amp; v\u00e4nner\" src=\"https:\/\/www.vinia.se\/blogg\/vin-och-vanner\/2021\/10\/lammlagg-samt-gigondas-en-stjarna-i-rhone\/embed\/#?secret=JX8ak3G6MB#?secret=B2LHqHIdOg\" data-secret=\"B2LHqHIdOg\" frameborder=\"0\" marginmarginscrolling=\"no\"><\/iframe><\/div>\n<div class=\"embed-responsive embed-responsive-16by9\">\n<blockquote class=\"wp-embedded-content\" data-secret=\"u3b8wgK3el\"><p><a href=\"https:\/\/www.vinia.se\/blogg\/vin-och-vanner\/2021\/09\/auberginelasagne-med-lamm\/\">Auberginelasagne med lamm<\/a><\/p><\/blockquote>\n<p><iframe class=\"wp-embedded-content\" sandbox=\"allow-scripts\" security=\"restricted\" style=\"position: absolute; visibility: hidden;\" title=\"\u201dAuberginelasagne med lamm\u201d &ndash; Vin &amp; v\u00e4nner\" src=\"https:\/\/www.vinia.se\/blogg\/vin-och-vanner\/2021\/09\/auberginelasagne-med-lamm\/embed\/#?secret=WeBPJRJsqS#?secret=u3b8wgK3el\" data-secret=\"u3b8wgK3el\" frameborder=\"0\" marginmarginscrolling=\"no\"><\/iframe><\/div>\n<div class=\"embed-responsive embed-responsive-16by9\">\n<blockquote class=\"wp-embedded-content\" data-secret=\"KijlZfAcK5\"><p><a href=\"https:\/\/www.vinia.se\/blogg\/vin-och-vanner\/2021\/04\/nyfiken-pa-sous-vide-perfekta-lammracks-med-potatis-och-palsternacksmos-samt-rodvinsas\/\">Nyfiken p\u00e5 Sous-vide? Perfekta lammracks med potatis och palsternacksmos samt r\u00f6dvins\u00e5s<\/a><\/p><\/blockquote>\n<p><iframe class=\"wp-embedded-content\" sandbox=\"allow-scripts\" security=\"restricted\" style=\"position: absolute; visibility: hidden;\" title=\"\u201dNyfiken p\u00e5 Sous-vide? Perfekta lammracks med potatis och palsternacksmos samt r\u00f6dvins\u00e5s\u201d &ndash; Vin &amp; v\u00e4nner\" src=\"https:\/\/www.vinia.se\/blogg\/vin-och-vanner\/2021\/04\/nyfiken-pa-sous-vide-perfekta-lammracks-med-potatis-och-palsternacksmos-samt-rodvinsas\/embed\/#?secret=OAVkqYO5bS#?secret=KijlZfAcK5\" data-secret=\"KijlZfAcK5\" frameborder=\"0\" marginmarginscrolling=\"no\"><\/iframe><\/div>\n<div class=\"embed-responsive embed-responsive-16by9\">\n<blockquote class=\"wp-embedded-content\" data-secret=\"vmYuvpaIkO\"><p><a href=\"https:\/\/www.vinia.se\/blogg\/vin-och-vanner\/2021\/03\/vinlunch-hos-domaine-du-pesquier-blanquette-de-veau-sauterad-zucchini-samt-snabblamm-i-ugn\/\">Vinlunch hos Domaine du Pesquier &#8211; Blanquette de veau &#8211; Sauterad Zucchini samt snabblamm i ugn<\/a><\/p><\/blockquote>\n<p><iframe class=\"wp-embedded-content\" sandbox=\"allow-scripts\" security=\"restricted\" style=\"position: absolute; visibility: hidden;\" title=\"\u201dVinlunch hos Domaine du Pesquier &#8211; Blanquette de veau &#8211; Sauterad Zucchini samt snabblamm i ugn\u201d &ndash; Vin &amp; v\u00e4nner\" src=\"https:\/\/www.vinia.se\/blogg\/vin-och-vanner\/2021\/03\/vinlunch-hos-domaine-du-pesquier-blanquette-de-veau-sauterad-zucchini-samt-snabblamm-i-ugn\/embed\/#?secret=JOS75nxujt#?secret=vmYuvpaIkO\" data-secret=\"vmYuvpaIkO\" frameborder=\"0\" marginmarginscrolling=\"no\"><\/iframe><\/div>\n<div class=\"embed-responsive embed-responsive-16by9\">\n<blockquote class=\"wp-embedded-content\" data-secret=\"vmU5mMQKZA\"><p><a href=\"https:\/\/www.vinia.se\/blogg\/vin-och-vanner\/2019\/03\/lancashire-gryta-och-ett-gott-lammvin\/\">Lancashire gryta och ett gott lammvin!<\/a><\/p><\/blockquote>\n<p><iframe class=\"wp-embedded-content\" sandbox=\"allow-scripts\" security=\"restricted\" style=\"position: absolute; visibility: hidden;\" title=\"\u201dLancashire gryta och ett gott lammvin!\u201d &ndash; Vin &amp; v\u00e4nner\" src=\"https:\/\/www.vinia.se\/blogg\/vin-och-vanner\/2019\/03\/lancashire-gryta-och-ett-gott-lammvin\/embed\/#?secret=jU55piL1iE#?secret=vmU5mMQKZA\" data-secret=\"vmU5mMQKZA\" frameborder=\"0\" marginmarginscrolling=\"no\"><\/iframe><\/div>\n<div class=\"embed-responsive embed-responsive-16by9\">\n<blockquote class=\"wp-embedded-content\" data-secret=\"4RejK0eb8X\"><p><a href=\"https:\/\/www.vinia.se\/blogg\/vin-och-vanner\/2018\/03\/lammlagg-med-rodvinsas\/\">Lamml\u00e4gg med r\u00f6dvins\u00e5s<\/a><\/p><\/blockquote>\n<p><iframe class=\"wp-embedded-content\" sandbox=\"allow-scripts\" security=\"restricted\" style=\"position: absolute; visibility: hidden;\" title=\"\u201dLamml\u00e4gg med r\u00f6dvins\u00e5s\u201d &ndash; Vin &amp; v\u00e4nner\" src=\"https:\/\/www.vinia.se\/blogg\/vin-och-vanner\/2018\/03\/lammlagg-med-rodvinsas\/embed\/#?secret=2n7iQLzGt2#?secret=4RejK0eb8X\" data-secret=\"4RejK0eb8X\" frameborder=\"0\" marginmarginscrolling=\"no\"><\/iframe><\/div>\n<div class=\"embed-responsive embed-responsive-16by9\">\n<blockquote class=\"wp-embedded-content\" data-secret=\"md2TC3o2t3\"><p><a href=\"https:\/\/www.vinia.se\/blogg\/vin-och-vanner\/2017\/07\/basta-marinaden-lammkebab-aven-fantastiskt-till-flask-och-kyckling\/\">B\u00e4sta marinaden f\u00f6r lammkebab \u2013 \u00c4ven fantastiskt till fl\u00e4sk och kyckling!<\/a><\/p><\/blockquote>\n<p><iframe class=\"wp-embedded-content\" sandbox=\"allow-scripts\" security=\"restricted\" style=\"position: absolute; visibility: hidden;\" title=\"\u201dB\u00e4sta marinaden f\u00f6r lammkebab \u2013 \u00c4ven fantastiskt till fl\u00e4sk och kyckling!\u201d &ndash; Vin &amp; v\u00e4nner\" src=\"https:\/\/www.vinia.se\/blogg\/vin-och-vanner\/2017\/07\/basta-marinaden-lammkebab-aven-fantastiskt-till-flask-och-kyckling\/embed\/#?secret=zs25Ola4qQ#?secret=md2TC3o2t3\" data-secret=\"md2TC3o2t3\" frameborder=\"0\" marginmarginscrolling=\"no\"><\/iframe><\/div>\n<div class=\"embed-responsive embed-responsive-16by9\">\n<blockquote class=\"wp-embedded-content\" data-secret=\"Pszk5LOgrR\"><p><a href=\"https:\/\/www.vinia.se\/blogg\/vin-och-vanner\/2017\/07\/grillade-lammlagg-med-rostade-rotfrukter-ugn\/\">Grillade lamml\u00e4gg med rostade rotfrukter i ugn<\/a><\/p><\/blockquote>\n<p><iframe class=\"wp-embedded-content\" sandbox=\"allow-scripts\" security=\"restricted\" style=\"position: absolute; visibility: hidden;\" title=\"\u201dGrillade lamml\u00e4gg med rostade rotfrukter i ugn\u201d &ndash; Vin &amp; v\u00e4nner\" src=\"https:\/\/www.vinia.se\/blogg\/vin-och-vanner\/2017\/07\/grillade-lammlagg-med-rostade-rotfrukter-ugn\/embed\/#?secret=le1FAw6p1T#?secret=Pszk5LOgrR\" data-secret=\"Pszk5LOgrR\" frameborder=\"0\" marginmarginscrolling=\"no\"><\/iframe><\/div>\n<div class=\"embed-responsive embed-responsive-16by9\">\n<blockquote class=\"wp-embedded-content\" data-secret=\"oBVpDv8qYv\"><p><a href=\"https:\/\/www.vinia.se\/blogg\/vin-och-vanner\/2017\/04\/grillad-lammkebab-med-rosmarin-och-paprika\/\">Grillad lammkebab med rosmarin och paprika<\/a><\/p><\/blockquote>\n<p><iframe class=\"wp-embedded-content\" sandbox=\"allow-scripts\" security=\"restricted\" style=\"position: absolute; visibility: hidden;\" title=\"\u201dGrillad lammkebab med rosmarin och paprika\u201d &ndash; Vin &amp; v\u00e4nner\" src=\"https:\/\/www.vinia.se\/blogg\/vin-och-vanner\/2017\/04\/grillad-lammkebab-med-rosmarin-och-paprika\/embed\/#?secret=xM64yvy1Pu#?secret=oBVpDv8qYv\" data-secret=\"oBVpDv8qYv\" frameborder=\"0\" marginmarginscrolling=\"no\"><\/iframe><\/div>\n<div class=\"embed-responsive embed-responsive-16by9\">\n<blockquote class=\"wp-embedded-content\" data-secret=\"kN9uNTavCU\"><p><a href=\"https:\/\/www.vinia.se\/blogg\/vin-och-vanner\/2016\/10\/stekt-lammytterfile-med-sparrisrisotto-och-ortsky\/\">Stekt lammytterfil\u00e9 med sparrisrisotto och \u00f6rtsky<\/a><\/p><\/blockquote>\n<p><iframe class=\"wp-embedded-content\" sandbox=\"allow-scripts\" security=\"restricted\" style=\"position: absolute; visibility: hidden;\" title=\"\u201dStekt lammytterfil\u00e9 med sparrisrisotto och \u00f6rtsky\u201d &ndash; Vin &amp; v\u00e4nner\" src=\"https:\/\/www.vinia.se\/blogg\/vin-och-vanner\/2016\/10\/stekt-lammytterfile-med-sparrisrisotto-och-ortsky\/embed\/#?secret=H49HqAt9za#?secret=kN9uNTavCU\" data-secret=\"kN9uNTavCU\" frameborder=\"0\" marginmarginscrolling=\"no\"><\/iframe><\/div>\n<div class=\"embed-responsive embed-responsive-16by9\">\n<blockquote class=\"wp-embedded-content\" data-secret=\"59EMUXpQX7\"><p><a href=\"https:\/\/www.vinia.se\/blogg\/vin-och-vanner\/2016\/09\/osso-buco-lammlagg-till-lordagsmiddagen\/\">Lamml\u00e4gg &#8221;Osso Buco&#8221;<\/a><\/p><\/blockquote>\n<p><iframe class=\"wp-embedded-content\" sandbox=\"allow-scripts\" security=\"restricted\" style=\"position: absolute; visibility: hidden;\" title=\"\u201dLamml\u00e4gg &#8221;Osso Buco&#8221;\u201d &ndash; Vin &amp; v\u00e4nner\" src=\"https:\/\/www.vinia.se\/blogg\/vin-och-vanner\/2016\/09\/osso-buco-lammlagg-till-lordagsmiddagen\/embed\/#?secret=PHQtyLECF1#?secret=59EMUXpQX7\" data-secret=\"59EMUXpQX7\" frameborder=\"0\" marginmarginscrolling=\"no\"><\/iframe><\/div>\n<div class=\"embed-responsive embed-responsive-16by9\">\n<blockquote class=\"wp-embedded-content\" data-secret=\"AGcyEOyC3D\"><p><a href=\"https:\/\/www.vinia.se\/blogg\/vin-och-vanner\/2016\/08\/citronbakad-lammstek-med-ljummen-farskpotatissallad-och-sparris\/\">Citronbakad lammstek med ljummen f\u00e4rskpotatissallad och sparris<\/a><\/p><\/blockquote>\n<p><iframe class=\"wp-embedded-content\" sandbox=\"allow-scripts\" security=\"restricted\" style=\"position: absolute; visibility: hidden;\" title=\"\u201dCitronbakad lammstek med ljummen f\u00e4rskpotatissallad och sparris\u201d &ndash; Vin &amp; v\u00e4nner\" src=\"https:\/\/www.vinia.se\/blogg\/vin-och-vanner\/2016\/08\/citronbakad-lammstek-med-ljummen-farskpotatissallad-och-sparris\/embed\/#?secret=WO66ovJKrJ#?secret=AGcyEOyC3D\" data-secret=\"AGcyEOyC3D\" frameborder=\"0\" marginmarginscrolling=\"no\"><\/iframe><\/div>\n<div class=\"embed-responsive embed-responsive-16by9\">\n<blockquote class=\"wp-embedded-content\" data-secret=\"W5WJMJpKWL\"><p><a href=\"https:\/\/www.vinia.se\/blogg\/vin-och-vanner\/2016\/08\/ortstekt-lammrostbiff-med-rokt-vitlokssmor-och-ugnsrostade-rotfrukter\/\">\u00d6rtstekt lammrostbiff med r\u00f6kt vitl\u00f6kssm\u00f6r och ugnsrostade rotfrukter<\/a><\/p><\/blockquote>\n<p><iframe class=\"wp-embedded-content\" sandbox=\"allow-scripts\" security=\"restricted\" style=\"position: absolute; visibility: hidden;\" title=\"\u201d\u00d6rtstekt lammrostbiff med r\u00f6kt vitl\u00f6kssm\u00f6r och ugnsrostade rotfrukter\u201d &ndash; Vin &amp; v\u00e4nner\" src=\"https:\/\/www.vinia.se\/blogg\/vin-och-vanner\/2016\/08\/ortstekt-lammrostbiff-med-rokt-vitlokssmor-och-ugnsrostade-rotfrukter\/embed\/#?secret=OSPgFdWa3w#?secret=W5WJMJpKWL\" data-secret=\"W5WJMJpKWL\" frameborder=\"0\" marginmarginscrolling=\"no\"><\/iframe><\/div>\n<div class=\"embed-responsive embed-responsive-16by9\">\n<blockquote class=\"wp-embedded-content\" data-secret=\"tYXeN1QUC1\"><p><a href=\"https:\/\/www.vinia.se\/blogg\/vin-och-vanner\/2016\/08\/vitlok-och-honungs-overbakade-lammracks-med-bakade-rodbetor-och-chili-creme\/\">Vitl\u00f6k och honungs\u00f6verbakade lammracks med bakade r\u00f6dbetor och chili-cr\u00e8me<\/a><\/p><\/blockquote>\n<p><iframe class=\"wp-embedded-content\" sandbox=\"allow-scripts\" security=\"restricted\" style=\"position: absolute; visibility: hidden;\" title=\"\u201dVitl\u00f6k och honungs\u00f6verbakade lammracks med bakade r\u00f6dbetor och chili-cr\u00e8me\u201d &ndash; Vin &amp; v\u00e4nner\" src=\"https:\/\/www.vinia.se\/blogg\/vin-och-vanner\/2016\/08\/vitlok-och-honungs-overbakade-lammracks-med-bakade-rodbetor-och-chili-creme\/embed\/#?secret=lvDVLdV4OX#?secret=tYXeN1QUC1\" data-secret=\"tYXeN1QUC1\" frameborder=\"0\" marginmarginscrolling=\"no\"><\/iframe><\/div>\n<div class=\"embed-responsive embed-responsive-16by9\">\n<blockquote class=\"wp-embedded-content\" data-secret=\"rPdtdSL37Z\"><p><a href=\"https:\/\/www.vinia.se\/blogg\/vin-och-vanner\/2016\/03\/smordegsinbakt-lamm-med-palsternacksmos-lingon-och-skogschampinjoner\/\">Sm\u00f6rdegsinbakt lamm med palsternacksmos, lingon och skogschampinjoner<\/a><\/p><\/blockquote>\n<p><iframe class=\"wp-embedded-content\" sandbox=\"allow-scripts\" security=\"restricted\" style=\"position: absolute; visibility: hidden;\" title=\"\u201dSm\u00f6rdegsinbakt lamm med palsternacksmos, lingon och skogschampinjoner\u201d &ndash; Vin &amp; v\u00e4nner\" src=\"https:\/\/www.vinia.se\/blogg\/vin-och-vanner\/2016\/03\/smordegsinbakt-lamm-med-palsternacksmos-lingon-och-skogschampinjoner\/embed\/#?secret=pLsIbaLrN0#?secret=rPdtdSL37Z\" data-secret=\"rPdtdSL37Z\" frameborder=\"0\" marginmarginscrolling=\"no\"><\/iframe><\/div>\n","protected":false},"excerpt":{"rendered":"<p>H\u00e4r finner ni 16 h\u00e4rliga lammrecept med vintips till!<\/p>\n","protected":false},"author":2,"featured_media":3954,"comment_status":"open","ping_status":"open","sticky":false,"template":"","format":"standard","meta":{"inline_featured_image":false,"footnotes":""},"categories":[1281,3],"tags":[4,1089,1088],"class_list":["post-3938","post","type-post","status-publish","format-standard","has-post-thumbnail","hentry","category-lamm","category-recept","tag-lamm","tag-lammrecept","tag-paskmat"],"_links":{"self":[{"href":"https:\/\/www.vinia.se\/blogg\/vin-och-vanner\/wp-json\/wp\/v2\/posts\/3938","targetHints":{"allow":["GET"]}}],"collection":[{"href":"https:\/\/www.vinia.se\/blogg\/vin-och-vanner\/wp-json\/wp\/v2\/posts"}],"about":[{"href":"https:\/\/www.vinia.se\/blogg\/vin-och-vanner\/wp-json\/wp\/v2\/types\/post"}],"author":[{"embeddable":true,"href":"https:\/\/www.vinia.se\/blogg\/vin-och-vanner\/wp-json\/wp\/v2\/users\/2"}],"replies":[{"embeddable":true,"href":"https:\/\/www.vinia.se\/blogg\/vin-och-vanner\/wp-json\/wp\/v2\/comments?post=3938"}],"version-history":[{"count":2,"href":"https:\/\/www.vinia.se\/blogg\/vin-och-vanner\/wp-json\/wp\/v2\/posts\/3938\/revisions"}],"predecessor-version":[{"id":3957,"href":"https:\/\/www.vinia.se\/blogg\/vin-och-vanner\/wp-json\/wp\/v2\/posts\/3938\/revisions\/3957"}],"wp:featuredmedia":[{"embeddable":true,"href":"https:\/\/www.vinia.se\/blogg\/vin-och-vanner\/wp-json\/wp\/v2\/media\/3954"}],"wp:attachment":[{"href":"https:\/\/www.vinia.se\/blogg\/vin-och-vanner\/wp-json\/wp\/v2\/media?parent=3938"}],"wp:term":[{"taxonomy":"category","embeddable":true,"href":"https:\/\/www.vinia.se\/blogg\/vin-och-vanner\/wp-json\/wp\/v2\/categories?post=3938"},{"taxonomy":"post_tag","embeddable":true,"href":"https:\/\/www.vinia.se\/blogg\/vin-och-vanner\/wp-json\/wp\/v2\/tags?post=3938"}],"curies":[{"name":"wp","href":"https:\/\/api.w.org\/{rel}","templated":true}]}}