
{"id":5911,"date":"2025-11-04T22:09:37","date_gmt":"2025-11-04T21:09:37","guid":{"rendered":"https:\/\/www.vinia.se\/blogg\/vin-och-vanner\/?p=5911"},"modified":"2025-11-04T22:09:37","modified_gmt":"2025-11-04T21:09:37","slug":"karljohansvampsomelett-med-parmesanost","status":"publish","type":"post","link":"https:\/\/www.vinia.se\/blogg\/vin-och-vanner\/2025\/11\/karljohansvampsomelett-med-parmesanost\/","title":{"rendered":"Karljohansvampsomelett med parmesanost"},"content":{"rendered":"<p>En kr\u00e4mig och smakrik omelett med stekt Karljohansvamp och nyriven parmesan. Perfekt som lunch, l\u00e4tt middag eller del av en italienskinspirerad brunch.<\/p>\n<h3 data-start=\"636\" data-end=\"655\">S\u00e5 h\u00e4r g\u00f6r du<\/h3>\n<ol data-start=\"656\" data-end=\"1320\">\n<li data-start=\"656\" data-end=\"830\">\n<p data-start=\"659\" data-end=\"830\"><strong data-start=\"659\" data-end=\"680\">F\u00f6rbered svampen:<\/strong> Rensa svampen och sk\u00e4r i mindre bitar. Stek den i sm\u00f6r och olivolja tills den f\u00e5r fin f\u00e4rg. Tills\u00e4tt vitl\u00f6k mot slutet. Krydda med salt och peppar.<\/p>\n<\/li>\n<li data-start=\"831\" data-end=\"925\">\n<p data-start=\"834\" data-end=\"925\"><strong data-start=\"834\" data-end=\"854\">Vispa \u00e4ggsmeten:<\/strong> Vispa ihop \u00e4gg, gr\u00e4dde, lite salt och nymalen svartpeppar i en sk\u00e5l.<\/p>\n<\/li>\n<li data-start=\"926\" data-end=\"1067\">\n<p data-start=\"929\" data-end=\"1067\"><strong data-start=\"929\" data-end=\"951\">Tillaga omeletten:<\/strong> H\u00e4ll \u00e4ggblandningen i stekpannan med svampen och r\u00f6r f\u00f6rsiktigt tills den b\u00f6rjar stelna. Str\u00f6 \u00f6ver parmesanosten.<\/p>\n<\/li>\n<li data-start=\"1068\" data-end=\"1190\">\n<p data-start=\"1071\" data-end=\"1190\"><strong data-start=\"1071\" data-end=\"1087\">S\u00e4nk v\u00e4rmen:<\/strong> L\u00e5t omeletten bli klar p\u00e5 l\u00e5g v\u00e4rme i ett par minuter, g\u00e4rna med lock s\u00e5 att ytan blir l\u00e4tt fluffig.<\/p>\n<\/li>\n<li data-start=\"1191\" data-end=\"1320\">\n<p data-start=\"1194\" data-end=\"1320\"><strong data-start=\"1194\" data-end=\"1206\">Servera:<\/strong> Garnera med f\u00e4rsk persilja och n\u00e5gra droppar god olivolja. Servera direkt med en fr\u00e4sch sallad eller lite br\u00f6d.<\/p>\n<\/li>\n<\/ol>\n<h3 data-start=\"1951\" data-end=\"1963\"> FAQ<\/h3>\n<p data-start=\"1964\" data-end=\"2278\"><strong data-start=\"1964\" data-end=\"1996\">Kan jag anv\u00e4nda annan svamp?<\/strong><br data-start=\"1996\" data-end=\"1999\" \/>Ja, champinjoner eller kantareller fungerar ocks\u00e5 bra.<br data-start=\"2053\" data-end=\"2056\" \/><strong data-start=\"2056\" data-end=\"2086\">Blir det gott utan gr\u00e4dde?<\/strong><br data-start=\"2086\" data-end=\"2089\" \/>Ja \u2013 du kan ers\u00e4tta gr\u00e4dden med en skv\u00e4tt mj\u00f6lk f\u00f6r en l\u00e4ttare variant.<br data-start=\"2160\" data-end=\"2163\" \/><strong data-start=\"2163\" data-end=\"2219\">Vilken ost kan jag anv\u00e4nda om jag inte har parmesan?<\/strong><br data-start=\"2219\" data-end=\"2222\" \/>Pecorino eller en lagrad svensk h\u00e5rdost fungerar fint.<\/p>\n<p data-start=\"1964\" data-end=\"2278\">\n<h3 data-start=\"271\" data-end=\"335\">Porcini och Karljohansvamp \u2013 samma skatt i tv\u00e5 kulturer<\/h3>\n<p data-start=\"337\" data-end=\"656\">Porcini \u2013 som betyder \u201csm\u00e5 grisar\u201d p\u00e5 italienska \u2013 \u00e4r en av Italiens mest \u00e4lskade matsvampar och betraktas som en riktig delikatess. I Frankrike kallas den c\u00e8pe, och i Sverige k\u00e4nner vi den som <strong data-start=\"531\" data-end=\"549\">Karljohansvamp<\/strong>. Namnet s\u00e4gs komma fr\u00e5n kung Karl XIV Johan, som l\u00e4r ha haft en s\u00e4rskild f\u00f6rk\u00e4rlek f\u00f6r just denna svamp.<\/p>\n<p data-start=\"658\" data-end=\"1033\">Det fina \u00e4r att <strong data-start=\"674\" data-end=\"740\">porcini och Karljohansvamp \u00e4r exakt samma art (Boletus edulis)<\/strong> \u2013 men med olika kulinariska traditioner kring hur den anv\u00e4nds.<br data-start=\"803\" data-end=\"806\" \/>I Italien torkas och anv\u00e4nds den i pastar\u00e4tter, risotto och omelett (frittata ai funghi porcini). I Sverige steker vi den ofta f\u00e4rsk i sm\u00f6r, l\u00e5ter den dofta skog och n\u00f6tighet, och kombinerar den med \u00e4gg, potatis eller gr\u00e4dde.<\/p>\n<p data-start=\"1035\" data-end=\"1281\">Det \u00e4r just <strong data-start=\"1047\" data-end=\"1099\">den djupa, umamirika smaken och den milda s\u00f6tman<\/strong> som g\u00f6r Karljohansvampen s\u00e5 eftertraktad i hela Europa \u2013 och s\u00e5 perfekt till vin. Dess runda, jordiga ton m\u00f6ter g\u00e4rna vin med viss fyllighet, lite \u00f6rtighet och en balanserad syra.<\/p>\n<p data-start=\"1283\" data-end=\"1521\">N\u00e4r svampen m\u00f6ter \u00e4gg och parmesan, som i en <strong data-start=\"1328\" data-end=\"1354\">Karljohansvampsomelett<\/strong>, kommer ett vin som <strong data-start=\"1375\" data-end=\"1403\">Les Pious C\u00f4tes du Rh\u00f4ne<\/strong> till sin r\u00e4tt: dess mogna frukt och \u00f6rtkryddiga nyanser speglar svampens elegans och osten p\u00e5 ett fantastiskt s\u00e4tt.<\/p>\n<p data-start=\"1964\" data-end=\"2278\">\n","protected":false},"excerpt":{"rendered":"<p>En kr\u00e4mig omelett med Karljohansvamp och parmesanost \u2013 enkel men lyxig. Servera med Les Pious C\u00f4tes du Rh\u00f4ne fr\u00e5n Vinia f\u00f6r en perfekt balans mellan s\u00e4lta, kr\u00e4mighet och fruktighet.<\/p>\n","protected":false},"author":2,"featured_media":5912,"comment_status":"open","ping_status":"open","sticky":false,"template":"","format":"standard","meta":{"inline_featured_image":false,"footnotes":""},"categories":[3,1283],"tags":[189,192,1851,188,1554,1131,93,1228,18,1850],"class_list":["post-5911","post","type-post","status-publish","format-standard","has-post-thumbnail","hentry","category-recept","category-vegetariskt","tag-comfort-food","tag-italiensk-mat","tag-karljohansvamp","tag-les-pious","tag-lunch","tag-omelett","tag-parmesan","tag-snabb-middag","tag-vegetariskt","tag-vinrecept"],"_links":{"self":[{"href":"https:\/\/www.vinia.se\/blogg\/vin-och-vanner\/wp-json\/wp\/v2\/posts\/5911","targetHints":{"allow":["GET"]}}],"collection":[{"href":"https:\/\/www.vinia.se\/blogg\/vin-och-vanner\/wp-json\/wp\/v2\/posts"}],"about":[{"href":"https:\/\/www.vinia.se\/blogg\/vin-och-vanner\/wp-json\/wp\/v2\/types\/post"}],"author":[{"embeddable":true,"href":"https:\/\/www.vinia.se\/blogg\/vin-och-vanner\/wp-json\/wp\/v2\/users\/2"}],"replies":[{"embeddable":true,"href":"https:\/\/www.vinia.se\/blogg\/vin-och-vanner\/wp-json\/wp\/v2\/comments?post=5911"}],"version-history":[{"count":1,"href":"https:\/\/www.vinia.se\/blogg\/vin-och-vanner\/wp-json\/wp\/v2\/posts\/5911\/revisions"}],"predecessor-version":[{"id":5913,"href":"https:\/\/www.vinia.se\/blogg\/vin-och-vanner\/wp-json\/wp\/v2\/posts\/5911\/revisions\/5913"}],"wp:featuredmedia":[{"embeddable":true,"href":"https:\/\/www.vinia.se\/blogg\/vin-och-vanner\/wp-json\/wp\/v2\/media\/5912"}],"wp:attachment":[{"href":"https:\/\/www.vinia.se\/blogg\/vin-och-vanner\/wp-json\/wp\/v2\/media?parent=5911"}],"wp:term":[{"taxonomy":"category","embeddable":true,"href":"https:\/\/www.vinia.se\/blogg\/vin-och-vanner\/wp-json\/wp\/v2\/categories?post=5911"},{"taxonomy":"post_tag","embeddable":true,"href":"https:\/\/www.vinia.se\/blogg\/vin-och-vanner\/wp-json\/wp\/v2\/tags?post=5911"}],"curies":[{"name":"wp","href":"https:\/\/api.w.org\/{rel}","templated":true}]}}