
{"id":5994,"date":"2026-01-21T18:24:15","date_gmt":"2026-01-21T17:24:15","guid":{"rendered":"https:\/\/www.vinia.se\/blogg\/vin-och-vanner\/?p=5994"},"modified":"2026-01-21T18:24:15","modified_gmt":"2026-01-21T17:24:15","slug":"potatis-och-broccoligratang-med-cheddar-och-rokt-bacon","status":"publish","type":"post","link":"https:\/\/www.vinia.se\/blogg\/vin-och-vanner\/2026\/01\/potatis-och-broccoligratang-med-cheddar-och-rokt-bacon\/","title":{"rendered":"Potatis- och broccoligrat\u00e4ng med cheddar och r\u00f6kt bacon"},"content":{"rendered":"<h3 data-start=\"1101\" data-end=\"1124\"><strong data-start=\"1105\" data-end=\"1122\">Instruktioner<\/strong><\/h3>\n<p data-start=\"1125\" data-end=\"1301\">S\u00e4tt ugnen p\u00e5 200 \u00b0C. Skala potatisen och sk\u00e4r den i tunna skivor. Dela broccolin i mindre buketter och f\u00f6rv\u00e4ll dem hastigt i l\u00e4ttsaltat vatten i 2\u20133 minuter. L\u00e5t rinna av v\u00e4l.<\/p>\n<p data-start=\"1303\" data-end=\"1457\">Sk\u00e4r baconet i sm\u00e5 t\u00e4rningar och stek det krispigt i en stekpanna. Lyft upp baconet och l\u00e5t rinna av p\u00e5 hush\u00e5llspapper. Spara lite av stekfettet i pannan.<\/p>\n<p data-start=\"1459\" data-end=\"1695\">Sm\u00e4lt sm\u00f6ret i samma panna, vispa ner mj\u00f6let och l\u00e5t fr\u00e4sa kort. Tills\u00e4tt mj\u00f6lk och gr\u00e4dde under vispning och l\u00e5t s\u00e5sen sjuda tills den tjocknar. Smaks\u00e4tt med dijonsenap, salt och peppar. R\u00f6r ner h\u00e4lften av cheddarosten tills den sm\u00e4lt.<\/p>\n<p data-start=\"1697\" data-end=\"1890\">Varva potatis, broccoli, bacon och osts\u00e5s i en smord ugnsform. Avsluta med resterande cheddar p\u00e5 toppen. Baka grat\u00e4ngen mitt i ugnen i ca 35\u201340 minuter tills potatisen \u00e4r mjuk och ytan gyllene.<\/p>\n<p data-start=\"1892\" data-end=\"1952\">Toppa med finhackad gr\u00e4sl\u00f6k eller salladsl\u00f6k f\u00f6re servering.<\/p>\n<h3 data-start=\"1954\" data-end=\"1976\"><strong data-start=\"1958\" data-end=\"1974\">Vinmatchning<\/strong><\/h3>\n<p data-start=\"1977\" data-end=\"2357\"><strong data-start=\"1977\" data-end=\"2018\"><span class=\"hover:entity-accent entity-underline inline cursor-pointer align-baseline\"><span class=\"whitespace-normal\">Les Pious<\/span><\/span><\/strong><br data-start=\"2018\" data-end=\"2021\" \/>Les Pious gener\u00f6sa fruktighet och mjuka struktur g\u00f6r vinet till ett mycket bra val till kr\u00e4miga ugnsr\u00e4tter med ost och bacon. Vinets rundhet m\u00f6ter grat\u00e4ngens fyllighet utan att k\u00e4nnas tung, samtidigt som frukten balanserar s\u00e4ltan fr\u00e5n bacon och den n\u00f6tiga tonen fr\u00e5n cheddaren. En trygg och vinv\u00e4nlig matchning till riktig comfort food.<\/p>\n<h3 data-start=\"2807\" data-end=\"2837\"><strong data-start=\"2811\" data-end=\"2835\">FAQ \u2013 Vanliga fr\u00e5gor<\/strong><\/h3>\n<p data-start=\"2838\" data-end=\"2948\">Kan jag g\u00f6ra r\u00e4tten vegetarisk?<br data-start=\"2869\" data-end=\"2872\" \/>Ja, uteslut bacon och tills\u00e4tt lite extra ost eller rostade n\u00f6tter f\u00f6r smak.<\/p>\n<p data-start=\"2950\" data-end=\"3047\">Kan grat\u00e4ngen f\u00f6rberedas i f\u00f6rv\u00e4g?<br data-start=\"2984\" data-end=\"2987\" \/>Ja, s\u00e4tt ihop den i formen och baka av strax f\u00f6re servering.<\/p>\n<p data-start=\"3049\" data-end=\"3146\">Vilken ost kan ers\u00e4tta cheddar?<br data-start=\"3080\" data-end=\"3083\" \/>V\u00e4sterbottenost, pr\u00e4stost eller en mild gouda fungerar utm\u00e4rkt.<\/p>\n","protected":false},"excerpt":{"rendered":"<p>Kr\u00e4mig potatis- och broccoligrat\u00e4ng med sm\u00e4lt cheddar och knaprigt bacon \u2013 en m\u00e4ttande ugnsr\u00e4tt som sitter perfekt med ett glas Les Pious.<\/p>\n","protected":false},"author":2,"featured_media":5995,"comment_status":"open","ping_status":"open","sticky":false,"template":"","format":"standard","meta":{"inline_featured_image":false,"footnotes":""},"categories":[1278,3],"tags":[40,991,1583,189,201,1027,1896,8,1691],"class_list":["post-5994","post","type-post","status-publish","format-standard","has-post-thumbnail","hentry","category-flask","category-recept","tag-bacon","tag-broccoli","tag-cheddar","tag-comfort-food","tag-husmanskost","tag-potatisgratang","tag-ugnsgratang","tag-vardagsmiddag","tag-vinvanlig-mat"],"_links":{"self":[{"href":"https:\/\/www.vinia.se\/blogg\/vin-och-vanner\/wp-json\/wp\/v2\/posts\/5994","targetHints":{"allow":["GET"]}}],"collection":[{"href":"https:\/\/www.vinia.se\/blogg\/vin-och-vanner\/wp-json\/wp\/v2\/posts"}],"about":[{"href":"https:\/\/www.vinia.se\/blogg\/vin-och-vanner\/wp-json\/wp\/v2\/types\/post"}],"author":[{"embeddable":true,"href":"https:\/\/www.vinia.se\/blogg\/vin-och-vanner\/wp-json\/wp\/v2\/users\/2"}],"replies":[{"embeddable":true,"href":"https:\/\/www.vinia.se\/blogg\/vin-och-vanner\/wp-json\/wp\/v2\/comments?post=5994"}],"version-history":[{"count":1,"href":"https:\/\/www.vinia.se\/blogg\/vin-och-vanner\/wp-json\/wp\/v2\/posts\/5994\/revisions"}],"predecessor-version":[{"id":5996,"href":"https:\/\/www.vinia.se\/blogg\/vin-och-vanner\/wp-json\/wp\/v2\/posts\/5994\/revisions\/5996"}],"wp:featuredmedia":[{"embeddable":true,"href":"https:\/\/www.vinia.se\/blogg\/vin-och-vanner\/wp-json\/wp\/v2\/media\/5995"}],"wp:attachment":[{"href":"https:\/\/www.vinia.se\/blogg\/vin-och-vanner\/wp-json\/wp\/v2\/media?parent=5994"}],"wp:term":[{"taxonomy":"category","embeddable":true,"href":"https:\/\/www.vinia.se\/blogg\/vin-och-vanner\/wp-json\/wp\/v2\/categories?post=5994"},{"taxonomy":"post_tag","embeddable":true,"href":"https:\/\/www.vinia.se\/blogg\/vin-och-vanner\/wp-json\/wp\/v2\/tags?post=5994"}],"curies":[{"name":"wp","href":"https:\/\/api.w.org\/{rel}","templated":true}]}}