
{"id":929,"date":"2017-05-16T11:06:17","date_gmt":"2017-05-16T09:06:17","guid":{"rendered":"http:\/\/www.vinia.se\/blogg\/vin-och-vanner\/?p=929"},"modified":"2024-06-25T20:51:00","modified_gmt":"2024-06-25T18:51:00","slug":"korv-med-brod-deluxe-helgens-utefix","status":"publish","type":"post","link":"https:\/\/www.vinia.se\/blogg\/vin-och-vanner\/2017\/05\/korv-med-brod-deluxe-helgens-utefix\/","title":{"rendered":"Korv med br\u00f6d &#8221;Deluxe&#8221; f\u00f6r helgens\u00a0utefix"},"content":{"rendered":"<p>Det ska bli sol i helgen! Passa p\u00e5 att v\u00e5rst\u00e4da i tr\u00e4dg\u00e5rden eller p\u00e5 uteplatsen och plocka fram grillen. Sno sedan ihop en god korvlunch som avnjuts b\u00e4st utomhus i v\u00e5rsolen. Vill man \u00e4ven dricka ett gott glas r\u00f6tt s\u00e5 \u00e4r The Great Bonza Reserve Shiraz Cabernet (79 kr <a href=\"http:\/\/art.nr\/\" target=\"_blank\" data-saferedirecturl=\"https:\/\/www.google.com\/url?hl=sv&amp;q=http:\/\/art.nr&amp;source=gmail&amp;ust=1495008884106000&amp;usg=AFQjCNESFdumv3YYoTAi6tjVtVZwzaKnqA\" rel=\"noopener\">art.nr<\/a> 6816) ett intensivt och fruktigt vin som passar bra till grillad och smakrik mat.<\/p>\n<div>Till tv\u00e5 personer:<\/div>\n<div><\/div>\n<div>2 goda korvar av h\u00f6g k\u00f6tthalt<\/div>\n<div>4 skivor bacon<\/div>\n<div>2 korvbr\u00f6d, g\u00e4rna brioche<\/div>\n<div>Valfri topping<\/div>\n<div><\/div>\n<div>Linda in korvarna i baconskivorna och grilla dem p\u00e5 medelv\u00e4rme. N\u00e4r de \u00e4r klara, l\u00e4gg p\u00e5 br\u00f6den och v\u00e4rm dem n\u00e5gra sekunder p\u00e5 varje sida. Servera med senap och ketchup och\/eller majon\u00e4s.<\/div>\n<div><\/div>\n<div>\n<div>Tips: Skala och skiva en halv gul l\u00f6k, salta och peppra och stek den i sm\u00f6r \u00a0i stekpanna eller l\u00e4gg dem i ett foliepaket p\u00e5 grillen tills de \u00e4r mjuka och mj\u00e4lla. Toppa korven med l\u00f6ken och lite f\u00e4rsta \u00f6rter.<\/div>\n<\/div>\n<div><\/div>\n<div><\/div>\n","protected":false},"excerpt":{"rendered":"<p>Det ska bli sol i helgen! Passa p\u00e5 att v\u00e5rst\u00e4da i tr\u00e4dg\u00e5rden eller p\u00e5 uteplatsen och plocka fram grillen. Sno sedan ihop en god korvlunch som avnjuts b\u00e4st utomhus i <a class=\"read-more\" href=\"https:\/\/www.vinia.se\/blogg\/vin-och-vanner\/2017\/05\/korv-med-brod-deluxe-helgens-utefix\/\">[&#8230;]<\/a><\/p>\n","protected":false},"author":2,"featured_media":930,"comment_status":"open","ping_status":"open","sticky":false,"template":"","format":"standard","meta":{"inline_featured_image":false,"footnotes":""},"categories":[1278,1284,3],"tags":[40,207,22,262,263],"class_list":["post-929","post","type-post","status-publish","format-standard","has-post-thumbnail","hentry","category-flask","category-notkott","category-recept","tag-bacon","tag-bonza-reserve","tag-grillat","tag-korv","tag-korv-med-brod"],"_links":{"self":[{"href":"https:\/\/www.vinia.se\/blogg\/vin-och-vanner\/wp-json\/wp\/v2\/posts\/929","targetHints":{"allow":["GET"]}}],"collection":[{"href":"https:\/\/www.vinia.se\/blogg\/vin-och-vanner\/wp-json\/wp\/v2\/posts"}],"about":[{"href":"https:\/\/www.vinia.se\/blogg\/vin-och-vanner\/wp-json\/wp\/v2\/types\/post"}],"author":[{"embeddable":true,"href":"https:\/\/www.vinia.se\/blogg\/vin-och-vanner\/wp-json\/wp\/v2\/users\/2"}],"replies":[{"embeddable":true,"href":"https:\/\/www.vinia.se\/blogg\/vin-och-vanner\/wp-json\/wp\/v2\/comments?post=929"}],"version-history":[{"count":6,"href":"https:\/\/www.vinia.se\/blogg\/vin-och-vanner\/wp-json\/wp\/v2\/posts\/929\/revisions"}],"predecessor-version":[{"id":5021,"href":"https:\/\/www.vinia.se\/blogg\/vin-och-vanner\/wp-json\/wp\/v2\/posts\/929\/revisions\/5021"}],"wp:featuredmedia":[{"embeddable":true,"href":"https:\/\/www.vinia.se\/blogg\/vin-och-vanner\/wp-json\/wp\/v2\/media\/930"}],"wp:attachment":[{"href":"https:\/\/www.vinia.se\/blogg\/vin-och-vanner\/wp-json\/wp\/v2\/media?parent=929"}],"wp:term":[{"taxonomy":"category","embeddable":true,"href":"https:\/\/www.vinia.se\/blogg\/vin-och-vanner\/wp-json\/wp\/v2\/categories?post=929"},{"taxonomy":"post_tag","embeddable":true,"href":"https:\/\/www.vinia.se\/blogg\/vin-och-vanner\/wp-json\/wp\/v2\/tags?post=929"}],"curies":[{"name":"wp","href":"https:\/\/api.w.org\/{rel}","templated":true}]}}